{"id":801,"date":"2010-08-16T00:03:55","date_gmt":"2010-08-15T23:03:55","guid":{"rendered":"http:\/\/tolkien.cz\/?p=801"},"modified":"2015-01-29T13:13:17","modified_gmt":"2015-01-29T12:13:17","slug":"elfove","status":"publish","type":"post","link":"http:\/\/tolkien.cz\/?p=801","title":{"rendered":"ELFOV\u00c9"},"content":{"rendered":"<p><!--more--><br \/>\n<i><font size=\"2\">\u010cl\u00e1nek byl p\u0159evzat s laskav\u00fdm svolen\u00edm autora<br \/>\nze serveru: <a href=\"http:\/\/imladris.7x.cz\/ainur-a-istari\">Imladris-Roklinka<\/a><\/font><\/i><\/p>\n<p><center><img loading=\"lazy\" decoding=\"async\" alt=\"\" src=\"http:\/\/tolkien.cz\/data\/elfi.jpg\" align=\"middle\" height=\"186\" width=\"450\"><\/center><br \/>\nPo dlouh\u00e9 roky \u017eili Valar bla\u017een\u011b ve sv\u011btle Strom\u016f za Amansk\u00fdmi horami, ale v cel\u00e9 St\u0159edozemi bylo p\u0159\u00ed\u0161e\u0159\u00ed pod hv\u011bzdami. Kdy\u017e sv\u00edtily Lampy, za\u010dal tam r\u016fst, kter\u00fd se nyn\u00ed zastavil, proto\u017ee v\u0161ude byla op\u011bt tma. Nejstar\u0161\u00ed \u017eiv\u00e9 v\u011bci v\u0161ak ji\u017e vznikly: v mo\u0159\u00edch velk\u00e9 chaluhy a na zemi st\u00edn velk\u00fdch strom\u016f, v \u00fadol\u00edch pahork\u016f od\u011bn\u00fdch noc\u00ed sta\u0159\u00ed a siln\u00ed a temn\u00ed tvorov\u00e9. Do on\u011bch zem\u00ed a les\u016f p\u0159ich\u00e1zeli Valar z\u0159\u00eddka &#8211; krom\u011b Yavanny a Orom\u00ebho. Yavanna se tam proch\u00e1zela ve st\u00ednech a truchlila, proto\u017ee se zastavil slibn\u00fd r\u016fst Jara Ardy. A uspala mnoh\u00e9, co na Ja\u0159e vze\u0161lo, aby to nest\u00e1rlo, ale \u010dekalo na \u010das probuzen\u00ed, kter\u00fd je\u0161t\u011b p\u0159ijde.<\/p>\n<p>Na severu v\u0161ak budoval svou s\u00edlu Melkor a nespal, ale bd\u011bl a pracoval; zl\u00ed tvorov\u00e9, kter\u00e9 zkazil, chodili po sv\u011bt\u011b a temn\u00e9 d\u0159\u00edmaj\u00edc\u00ed lesy ob\u00fdvaly nestv\u016fry a d\u011bsiv\u00e9 p\u0159\u00edzraky. A v Utumnu k sob\u011b shrom\u00e1\u017edil sv\u00e9 d\u00e9mony, duchy, kte\u0159\u00ed k n\u011bmu p\u0159ilnuli v prvn\u00edch dnech jeho skv\u011blosti a stali se mu nejpodobn\u011bj\u0161\u00edmi ve zka\u017eenosti: srdce m\u011bli ohniv\u00e1, ale od\u011bni byli tmou, \u0161la p\u0159ed nimi hr\u016fza a m\u011bli plamenn\u00e9 bi\u010de. V pozd\u011bj\u0161\u00edch dnech se jim ve St\u0159edozemi \u0159\u00edkalo balrogov\u00e9. V tom temn\u00e9m \u010dase vyp\u011bstoval Melkor mnoho jin\u00fdch zr\u016fd rozli\u010dn\u00fdch tvar\u016f a druh\u016f, kter\u00e9 dlouho sou\u017eily sv\u011bt, a jeho \u0159\u00ed\u0161e se rozprost\u00edrala st\u00e1le ji\u017en\u011bji po St\u0159edozemi.<\/p>\n<p>Melkor tak\u00e9 postavil pevnost a zbrojnici nedaleko severoz\u00e1padn\u00edho b\u0159ehu mo\u0159e, aby vzdorovala mo\u017en\u00e9mu \u00fatoku z Amanu. T\u00e9 pevnosti velel Melkor\u016fv pobo\u010dn\u00edk Sauron a jmenovala se Angband. \u010cas ne\u00faprosn\u011b kvapil, a Valar si za\u010dali uv\u011bdomovat, \u017ee se bl\u00ed\u017e\u00ed \u010das p\u0159\u00edchodu Il\u00favatarov\u00fdch d\u011bt\u00ed. Uv\u011bdomovali si tak\u00e9 vzr\u016fstaj\u00edc\u00ed s\u00edlu Melkora a zla, kter\u00e9 ve St\u0159edozemi zasel. Tu Yavanna promluvila p\u0159ed Valar a \u0159ekla: &#8222;Hodina se bl\u00ed\u017e\u00ed a v tomto v\u011bku se zjev\u00ed na\u0161e nad\u011bje a D\u011bti procitnou. M\u00e1me tedy nechat jejich s\u00eddeln\u00ed zem\u011b zpustl\u00e9 a pln\u00e9 zla? Maj\u00ed chodit ve tm\u011b, zat\u00edmco my m\u00e1me sv\u011btlo ? Maj\u00ed naz\u00fdvat p\u00e1nem Melkora, zat\u00edmco Manw\u00eb sed\u00ed na Taniquetilu ?&#8220;<\/p>\n<p>A Tulkas vyk\u0159ikl: &#8222;Pus\u0165me se rychle do v\u00e1lky ! Neodpo\u010d\u00edvali jsme p\u0159\u00edli\u0161 dlouho po boji a nen\u00ed u\u017e na\u0161e s\u00edla obnovena ? Bude s n\u00e1mi v\u011b\u010dn\u011b soupe\u0159it jeden jedin\u00fd?&#8220;<br \/>\nNa Manw\u00ebho pokyn v\u0161ak promluvil Mandos a \u0159ekl: &#8222;V tomto v\u011bku opravdu p\u0159ijdou Il\u00favatarovy d\u011bti, ale je\u0161t\u011b nep\u0159ich\u00e1zej\u00ed. Nav\u00edc je souzeno, \u017ee Prvorozen\u00ed p\u0159ijdou za tmy a nejd\u0159\u00edve pohl\u00e9dnou na hv\u011bzdy. Velk\u00e9 sv\u011btlo bude k jejich \u00fapadku. V nouzi budou v\u017edycky vz\u00fdvat Vardu.&#8220; Nato Varda ode\u0161la z rady a zapo\u010dala velik\u00e9 d\u00edlo, nejv\u011bt\u0161\u00ed ze v\u0161ech d\u011bl Valar od p\u0159\u00edchodu do Ardy. Vzala st\u0159\u00edbrnou rosu z k\u00e1d\u00ed Telperionu a ud\u011blala z n\u00ed nov\u00e9 a jasn\u011bj\u0161\u00ed hv\u011bzdy, ne\u017e p\u0159ijdou Prvorozen\u00ed. Vzala tak\u00e9 mnoho jin\u00fdch prastar\u00fdch hv\u011bzd a sestavila je ve znamen\u00ed na nebes\u00edch Ardy.<\/p>\n<p>Vypr\u00e1v\u00ed se, \u017ee pr\u00e1v\u011b kdy\u017e Varda dokon\u010dila svou pr\u00e1ci (a byla dlouh\u00e1), kdy\u017e poprv\u00e9 vykro\u010dil na oblohu Menelmacar a modr\u00fd ohe\u0148 Helluinu zakmital v mlh\u00e1ch nad okrajem sv\u011bta, v tu hodinu procitly D\u011bti zem\u011b, Il\u00favatarovi Prvorozen\u00ed. U hv\u011bzdn\u00e9ho jezera Cuivi\u00e9nenu, Vody probuzen\u00ed, vstali z Il\u00favatarova sp\u00e1nku, a kdy\u017e bydleli je\u0161t\u011b ml\u010dky u Cuivi\u00e9nenu, jejich o\u010di nejd\u0159\u00edve ze v\u0161eho spat\u0159ily nebesk\u00e9 hv\u011bzdy. Proto v\u017edy milovali hv\u011bzdn\u00fd svit a ctili Vardu Elent\u00e1ri nade v\u0161echny Valar.<br \/>\n<center><img loading=\"lazy\" decoding=\"async\" alt=\"Cuivi\u00e9nen\" src=\"http:\/\/tolkien.cz\/data\/cuivenen.jpg\" height=\"450\" width=\"298\"><\/center><br \/>\nV prom\u011bn\u00e1ch sv\u011bta byly tvary zem\u011b i mo\u0159\u00ed rozbity a p\u0159ed\u011bl\u00e1ny; \u0159eky si nezachovaly sv\u016fj sm\u011br a hory nez\u016fstaly nepohnut\u00e9 a ke Cuivi\u00e9nenu nen\u00ed n\u00e1vratu. Mezi elfy se v\u0161ak \u0159\u00edk\u00e1, \u017ee le\u017eel daleko na v\u00fdchod\u011b St\u0159edozem\u011b, sm\u011brem na sever, a \u017ee to byla z\u00e1toka vnitrozemsk\u00e9ho mo\u0159e Helcaru; a to mo\u0159e st\u00e1lo tam, kde b\u00fdvaly ko\u0159eny Illuinu, ne\u017e jej Melkor vyvr\u00e1til. Teklo tam mnoho vod z vyso\u010diny na v\u00fdchod\u011b a prvn\u00ed zvuk, kter\u00fd elfov\u00e9 sly\u0161eli, byl zvuk tekouc\u00ed vody a zvuk vody padaj\u00edc\u00ed p\u0159es kamen\u00ed.<br \/>\nDlouho bydleli ve sv\u00e9m prvn\u00edm domov\u011b u vody pod hv\u011bzdami, s \u00fa\u017easem chodili po Zemi a za\u010dali vytv\u00e1\u0159et \u0159e\u010d a pojmenov\u00e1vat v\u0161echno, \u010deho si v\u0161imli. Sami sob\u011b \u0159\u00edkali Quendi, toti\u017e ti, kte\u0159\u00ed mluv\u00ed hlasem, proto\u017ee zat\u00edm se nesetkali s \u017e\u00e1dn\u00fdm jin\u00fdm \u017eiv\u00fdm tvorem, kter\u00fd by mluvil nebo zp\u00edval.<br \/>\nJednou Orom\u00eb n\u00e1hodou vyjel lovit na v\u00fdchod. U b\u0159eh\u016f Helcaru zahnul na sever a projel pod st\u00edny Orocarni, V\u00fdchodn\u00edch hor. Tu n\u00e1hle Nahar siln\u011b zar\u017e\u00e1l a stanul. Orom\u00eb se podivil a sed\u011bl ml\u010dky a zd\u00e1lo se mu, \u017ee v tichu zem\u011b sly\u0161\u00ed z d\u00e1lky zp\u00edvat mnoho hlas\u016f.<\/p>\n<p>Tak tedy Valar nakonec je n\u00e1hodou na\u0161li ty, kter\u00e9 tak dlouho o\u010dek\u00e1vali. A p\u0159i pohledu na elfy byl Orom\u00eb jat \u00fadivem, jako by to byly bytosti n\u00e1hle, \u00fa\u017easn\u011b a nep\u0159edv\u00eddateln\u011b vznikl\u00e9&#8230; Zpo\u010d\u00e1tku byly Il\u00favatarovy Star\u0161\u00ed d\u011bti siln\u011bj\u0161\u00ed a v\u011bt\u0161\u00ed ne\u017e pozd\u011bji, ale sli\u010dn\u011bj\u0161\u00ed nebyly, proto\u017ee kr\u00e1sa Quendi ve dnech jejich ml\u00e1d\u00ed sice p\u0159esahovala v\u0161echnu jinou kr\u00e1su, j\u00ed\u017e dal Il\u00favatar vzniknout, ale nezanikla, \u017eije na Z\u00e1pad\u011b a obohatila se \u017ealem a moudrost\u00ed. A Orom\u00eb si Quendi zamiloval a pojmenoval je v jejich vlastn\u00edm jazyce Eldar, hv\u011bzdn\u00fd lid; potom v\u0161ak to jm\u00e9no nosili jen ti, kte\u0159\u00ed ho n\u00e1sledovali cestou na Z\u00e1pad. Mnoz\u00ed Quendi se v\u0161ak Orom\u00ebho p\u0159\u00edchodu zd\u011bsili, a to bylo Melkorovo d\u00edlo. Melkor si toti\u017e prvn\u00ed pov\u0161iml, \u017ee se Quendi probudili, a poslal st\u00edny a zl\u00e9 duchy, aby je \u0161pehovali a p\u0159epadali. Tak se stalo, \u017ee n\u011bkolik let p\u0159ed p\u0159\u00edchodem Orom\u00ebho sta\u010dilo, aby se n\u011bkdo z elf\u016f zatoulal bu\u010f s\u00e1m, nebo v mal\u00e9 skupince, a \u010dasto zmizeli a nikdy se nevr\u00e1tili. Quendi \u0159\u00edkali, \u017ee je chytil Lovec, a b\u00e1li se.<br \/>\nA tak kdy\u017e Nahar zar\u017e\u00e1l a Orom\u00eb mezi n\u011b skute\u010dn\u011b p\u0159i\u0161el, n\u011bkte\u0159\u00ed Quendi se skryli, n\u011bkte\u0159\u00ed uprchli a ztratili se. Ale ti, kte\u0159\u00ed m\u011bli odvahu a z\u016fstali, brzy post\u0159ehli, \u017ee Velk\u00fd jezdec nen\u00ed \u017e\u00e1dn\u00fd p\u0159\u00edzrak ze tmy; ve tv\u00e1\u0159i m\u011bl toti\u017e sv\u011btlo Amanu a v\u0161ichni neju\u0161lechtilej\u0161\u00ed elfov\u00e9 k n\u011bmu byli p\u0159itahov\u00e1ni.<br \/>\nAle o t\u011bch ne\u0161\u0165astn\u00edc\u00edch, kter\u00e9 polapil Melkor, se v\u00ed pram\u00e1lo jist\u00e9ho. P\u0159esto se moud\u0159\u00ed z Eress\u00ebi v\u011b\u0159\u00ed, \u017ee v\u0161ichni Quendi, kte\u0159\u00ed padli Melkorovi do rukou, byli uv\u011bzn\u011bni a pomal\u00fdm um\u011bn\u00edm krutosti byli zka\u017eeni a zotro\u010deni, a tak vyp\u011bstoval Melkor ohavn\u00e9 plemeno sk\u0159et\u016f ze z\u00e1visti k elf\u016fm a jim na posm\u011bch. Pozd\u011bji se stali jejich nejkrut\u011bj\u0161\u00edmi nep\u0159\u00e1teli. Orom\u00eb se n\u011bjak\u00fd \u010das zdr\u017eel mezi Quendi a pak rychle odjel p\u0159es zemi a mo\u0159e do Valinoru a p\u0159inesl novinu do Valmaru; a mluvil o st\u00ednech, kter\u00e9 znepokojuj\u00ed Cuivi\u00e9nen. Manw\u00eb dlouho zamy\u0161len\u011b sed\u011bl na Taniquetilu a hledal Il\u00favatarovu radu. Pak sestoupil do Valmaru a svolal Valar do Soudn\u00e9ho kruhu. &#8222;Toto je Il\u00favatarova rada v m\u00e9m srdci&#8220;, \u0159ekl Manw\u00eb, &#8222;M\u011bli bychom se op\u011bt ujmout vl\u00e1dy nad Ardou a osvobodit Quendi z Melkorova st\u00ednu.&#8220;<\/p>\n<p>Tak Valar vy\u0161li z Amanu s v\u00e1le\u010dnou silou a za\u010dali v\u00e1lku s Melkorem. Melkor nikdy nezapomn\u011bl, \u017ee tato v\u00e1lka byla svedena pro elfy a ti \u017ee byli p\u0159\u00ed\u010dinou jeho p\u00e1du. Ov\u0161em ti na t\u011bch \u010dinech nem\u011bli \u017e\u00e1dn\u00fd pod\u00edl a m\u00e1lo v\u011bd\u00ed o j\u00edzd\u011b moci Z\u00e1padu proti Severu na po\u010d\u00e1tku sv\u00fdch dn\u016f. V\u011bd\u00ed jen to, \u017ee se zem\u011b t\u0159\u00e1sla a st\u00e9nala, vody se hnuly a na severu byla sv\u011btla a mohutn\u00e9 ohn\u011b. P\u0159i t\u011bchto mohutn\u00fdch bitv\u00e1ch se tvar Ardy zm\u011bnil, hory se hroutili a jin\u00e9 vyvst\u00e1vali, \u0159eky m\u011bnili sv\u016fj sm\u011br a Velk\u00e9 mo\u0159e se roz\u0161\u00ed\u0159ilo a prohloubilo. Nakonec byli Melkorovi sluhov\u00e9 pora\u017eeni nebo se rozutekli a br\u00e1ny Utumna byly prora\u017eeny, ze s\u00edn\u00ed serv\u00e1na st\u0159echa a Melkor utekl do nejhlub\u0161\u00ed j\u00e1my. Pak vystoupil Tulkas jako bojovn\u00edk za Valar, z\u00e1pasil s n\u00edm a porazil ho na hlavu. A Melkor byl spout\u00e1n \u0159et\u011bzem Angainorem, kter\u00fd vyrobil Aul\u00eb, byl odveden do zajet\u00ed, a sv\u011bt m\u011bl na dlouhou dobu m\u00edr. Valar v\u0161ak neobjevili v\u0161echny siln\u00e9 kobky a jeskyn\u011b, kde z\u016fstalo je\u0161t\u011b mnoho zl\u00fdch bytost\u00ed a jin\u00e9 se rozutekly do tmy a toulaly se pustinami sv\u011bta. <\/p>\n<p>Potom se Valar op\u011bt shrom\u00e1\u017edili k porad\u011b a roze\u0161li se v n\u00e1zorech. N\u011bkte\u0159\u00ed soudili, \u017ee by m\u011bli b\u00fdt Quendi ponech\u00e1ni, a\u0165 si chod\u00ed po St\u0159edozemi, jak je jim libo, a a\u0165 sv\u00fdmi dary dovednosti uspo\u0159\u00e1daj\u00ed v\u0161echny zem\u011b a zahoj\u00ed jejich r\u00e1ny. V\u011bt\u0161ina v\u0161ak se o Quendi b\u00e1la v nebezpe\u010dn\u00e9m sv\u011bt\u011b uprost\u0159ed klam\u016f hv\u011bzdn\u00e9ho \u0161era; nav\u00edc si zamilovali kr\u00e1su elf\u016f a tou\u017eili po jejich spole\u010dnosti. Proto nakonec Valar pozvali Quendi do Valinoru, aby se nav\u017edy shrom\u00e1\u017edili u kolen Mocnost\u00ed ve sv\u011btle Strom\u016f, a Mandos p\u0159eru\u0161il ml\u010den\u00ed slovy: &#8222;Tak je souzeno.&#8220; Z toho pozv\u00e1n\u00ed vze\u0161lo mnoho b\u011bd, kter\u00e9 pozd\u011bji nastaly. <\/p>\n<p>Elfov\u00e9 v\u0161ak zprvu necht\u011bli uposlechnout pozv\u00e1n\u00ed, proto\u017ee zat\u00edm vid\u011bli v\u0161echny Valar krom\u011b Orom\u00ebho jen rozl\u00edcen\u00e9, kdy\u017e \u0161li do v\u00e1lky, a d\u011bsili se jich. Proto k nim byl op\u011bt posl\u00e1n Orom\u00eb a vybral mezi nimi vyslance, aby \u0161li do Valinoru a mluvili za sv\u016fj lid; byli to Ingw\u00eb, Finw\u00eb a Elw\u00eb, kte\u0159\u00ed byli pozd\u011bji kr\u00e1li. P\u0159i\u0161li a naplnila je b\u00e1ze\u0148 p\u0159ed sl\u00e1vou a majest\u00e1tem Valar a velmi zatou\u017eili po sv\u011btle a n\u00e1dhe\u0159e Strom\u016f. Pak je Orom\u00eb odvedl zp\u00e1tky do Cuivi\u00e9nenu, oni promluvili p\u0159ed sv\u00fdm lidem a radili jim, aby uposlechli pozv\u00e1n\u00ed Valar a p\u0159est\u011bhovali se na Z\u00e1pad.<\/p>\n<p>Tu do\u0161lo k prvn\u00edmu d\u011blen\u00ed elf\u016f. P\u0159\u00edbuzn\u00ed Ingw\u00ebho a v\u011bt\u0161ina p\u0159\u00edbuzn\u00fdch Finw\u00ebho a Elw\u00ebho byli z\u00edsk\u00e1ni slovy sv\u00fdch p\u00e1n\u016f a byli ochotni odej\u00edt s Orom\u00ebm; ti byli od t\u00e9 doby zn\u00e1mi jako Eldar. Mnoz\u00ed v\u0161ak pozv\u00e1n\u00ed odm\u00edtli, dali p\u0159ednost hv\u011bzdn\u00e9mu svitu a \u0161ir\u00fdm prostor\u00e1m St\u0159edozem\u011b p\u0159ed pov\u011bst\u00ed o Stromech; to jsou Avari, Neochotn\u00ed; odd\u011blili se v tom \u010dase od Eldar a setkali se, a\u017e kdy\u017e uplynulo mnoho v\u011bk\u016f. Eldar se nyn\u00ed p\u0159ipravovali n velk\u00fd pochod ze sv\u00fdch prvn\u00edch domov\u016f na v\u00fdchod\u011b. Uspo\u0159\u00e1dali se do t\u0159\u00ed z\u00e1stup\u016f. Nejmen\u0161\u00ed z\u00e1stup se vydal na cestu prvn\u00ed a vedl je Ingw\u00eb, nejvy\u0161\u0161\u00ed p\u00e1n cel\u00e9ho elfsk\u00e9ho rodu. Vstoupil do Valinoru, sed\u00ed u nohou Mocnost\u00ed a v\u0161ichni elfov\u00e9 ct\u00ed jeho jm\u00e9no; nikdy se v\u0161ak nevr\u00e1til a nepohl\u00e9dl ji\u017e na St\u0159edozem. Jeho lid byli Vanyar neboli Sli\u010dn\u00ed elfov\u00e9, milovan\u00ed Manw\u00ebho a Vardy, a jen m\u00e1lo lid\u00ed s n\u00edm mluvilo.<\/p>\n<p>Potom \u0161li Noldor, jejich\u017e jm\u00e9no sluje moudrost\u00ed, lid Finw\u00ebho. Jsou to Hloubav\u00fd elfov\u00e9, p\u0159\u00e1tel\u00e9 Aul\u00ebho; prosluli v p\u00edsn\u00edch, proto\u017ee dlouho a bolestn\u011b bojovali a lopotili se v d\u00e1vn\u00fdch severn\u00edch zem\u00edch.<br \/>\nNejv\u011bt\u0161\u00ed z\u00e1stup elf\u016f \u0161el posledn\u00ed a jmenuj\u00ed se Teleri, proto\u017ee se cestou loudali a nebyli zcela rozhodnuti p\u0159ej\u00edt ze \u0161era do sv\u011btla Valinoru. M\u011bli velkou z\u00e1libu ve vod\u011b a ti, kte\u0159\u00ed nakonec do\u0161li na z\u00e1padn\u00ed pob\u0159e\u017e\u00ed, si zamilovali mo\u0159e. Proto se v zemi Aman stali Mo\u0159sk\u00fdmi elfy, Falmari, nebo\u0165 provozovali hudbu u nar\u00e1\u017eej\u00edc\u00edch vln. M\u011bli dva p\u00e1ny, proto\u017ee jejich po\u010det byl velik\u00fd: Elw\u00ebho Singolla (co\u017e zna\u010d\u00ed \u0160edopl\u00e1\u0161\u0165) a jeho bratra Olw\u00ebho.<\/p>\n<p>To byly t\u0159i rody Eldali\u00eb, kter\u00e9 posl\u00e9ze do\u0161li na Nejzaz\u0161\u00ed z\u00e1pad ve dnech Strom\u016f a \u0159\u00edk\u00e1 se jim Calaquendi, Sv\u011btl\u00ed elfov\u00e9. Ale byli i jin\u00ed Eldar, kte\u0159\u00ed sice vyrazili na pochod k z\u00e1padu, ale na dlouh\u00e9 pouti se ztratili, odbo\u010dili nebo z\u016fstali na pob\u0159e\u017e\u00ed St\u0159edozem\u011b; ti byli vesm\u011bs z rodu Teleri. Bydleli u mo\u0159e nebo se toulali po les\u00edch a hor\u00e1ch sv\u011bta, a p\u0159ece byla jejich srdce obr\u00e1cena k Z\u00e1padu. T\u011bm elf\u016fm \u0159\u00edkaj\u00ed Calaquendi \u00damanyar, proto\u017ee nikdy nedo\u0161li do zem\u011b Aman a do Bla\u017een\u00e9 \u0159\u00ed\u0161e, ale \u00damanyar i Avari jsou spole\u010dn\u011b naz\u00fdv\u00e1ni Moriquendi, Temn\u00ed elfov\u00e9, proto\u017ee nikdy nespat\u0159ili Sv\u011btlo, kter\u00e9 bylo d\u0159\u00edve ne\u017e Slunce a M\u011bs\u00edc. <\/p>\n<p><center><font size=\"5\"><b>Velk\u00e1 Pou\u0165<\/b><\/font><\/center><br \/>\nPo v\u00fd\u0161e uveden\u00fdch ud\u00e1lostech se ti elfov\u00e9, kte\u0159\u00ed tou\u017eili vid\u011bt sv\u011btlo Bla\u017een\u00e9 \u0159\u00ed\u0161e vydali na sv\u016fj Velk\u00fd pochod.<\/p>\n<p>Orom\u00eb vedl velik\u00fd dav po severn\u00ed stran\u011b kolem vnitrozemnsk\u00e9ho mo\u0159e Helcaru. Kdy\u017e n\u011bkte\u0159\u00ed vid\u011bli velik\u00e9 \u010dern\u00e9 mraky, je\u017e p\u0159etrv\u00e1vali kolem Utumna, dostali strach a ode\u0161li. Je mo\u017en\u00e9, \u017ee se vr\u00e1tili do Cuivi\u00e9nenu a p\u0159ipojili se k Avari. O tom, zda se n\u011bkte\u0159\u00ed nebo v\u0161ichni pozd\u011bji vydali na Z\u00e1pad, se nic ne\u0159\u00edk\u00e1. Ti, kdo vytrvali, pomalu postupovali p\u0159es nes\u010detn\u00e9 m\u00edle a \u010dasto se nadlouho zastavovali, dokud se nevr\u00e1til Orom\u00eb. Tak postupn\u011b do\u0161li do nyn\u00ed zn\u00e1m\u00fdch zem\u00ed &#8211; snad pr\u00e1v\u011b po stezce, z n\u00ed\u017e se stala star\u00e1 cesta hvozdem. Pro\u0161li lesem, pravd\u011bpodobn\u011b Velk\u00fdm zelen\u00fdm hvozdem, k v\u00fdchodn\u00edmu b\u0159ehu Velk\u00e9 \u0159eky, pozd\u011bji zn\u00e1m\u00e9 jako Anduina. Za jej\u00edmi vodami vid\u011bli \u010dn\u00edt Ml\u017en\u00e9 hory. Teleri, v\u017edy nejpomalej\u0161\u00ed a nejzdr\u00e1hav\u011bj\u0161\u00ed, dlouho t\u00e1bo\u0159ili na v\u00fdchodn\u00edm b\u0159ehu. Vanyar a Noldor chv\u00e1tali p\u0159es \u0159eku, zlezli horsk\u00e9 pr\u016fsmyky a sestoupili do Eriadoru. Jejich trasa musela v\u00e9st natolik ji\u017en\u011b, aby mohli putovat v teple, a natolik severn\u011b, aby museli j\u00edt p\u0159es hory m\u00edsto okolo nich, nedostali se do les\u016f na jihu a mohli p\u0159ebrodit v\u011bt\u0161\u00ed \u0159eky. Kr\u00e1tce \u0159e\u010deno, je nanejv\u00fd\u0161 pravd\u011bpodobn\u00e9, \u017ee Velk\u00e1 v\u00fdchodn\u00ed cesta m\u011bla po\u010d\u00e1tek v t\u00e9to prad\u00e1vn\u00e9 stezce. <\/p>\n<p>Noldor a Vanyar pokra\u010dovali v cest\u011b na Z\u00e1pad, a\u017e dosp\u011bli k Velk\u00e9mu mo\u0159i na pob\u0159e\u017e\u00ed mezi Balarskou z\u00e1tokou a z\u00e1livem Drengist. Nejd\u0159\u00edv ov\u0161em p\u0159ekro\u010dili Sirion. Elfov\u00e9 se zalekli sv\u011bta vod a st\u00e1hli se do jim zn\u00e1m\u011bj\u0161\u00edch kopc\u016f a les\u016f, zejm\u00e9na do Neldorethu a Regionu, kde se ut\u00e1bo\u0159il Finw\u00eb. Z\u016fstali tam dlouh\u00e9 roky. <\/p>\n<p>Lenw\u00eb mezit\u00edm odvedl n\u011bkter\u00e9 Teleri na jih po proudu Anduiny. Pozd\u011bji se stali zn\u00e1m\u00fdmi jako Nandor, &#8222;ti, kte\u0159\u00ed se obracej\u00ed nazp\u011bt&#8220;. N\u011bkte\u0159\u00ed z\u016fstali kolem Velk\u00e9 \u0159eky, jin\u00ed \u0161li k mo\u0159i a \u010d\u00e1st z nich musela nakonec proj\u00edt Rohanskou branou do Eriadoru. Obklopily je velik\u00e9 lesy, a tak se z nich stali lesn\u00ed elfov\u00e9, snad p\u0159edkov\u00e9 lesn\u00edch elf\u016f, kte\u0159\u00ed ob\u00fdvali Temn\u00fd hvozd a L\u00f3rien. Lid Denethora, syna Lenw\u00ebho, nakonec p\u0159ekro\u010dil hory na z\u00e1pad\u011b z Eriadoru do Ossiriandu a posl\u00e9ze byl p\u0159ejmenov\u00e1n na Laiquendi, Zelen\u00e9 elfy. V\u011bt\u0161ina Teleri pokra\u010dovala v cest\u011b na Z\u00e1pad o v\u011bky d\u0159\u00edve ne\u017e Denethor, zat\u00edmco Vanyar a Noldor st\u00e1le je\u0161t\u011b \u010dekali v Beleriandu, av\u0161ak Teleri se op\u011bt zastavili &#8211; tentokr\u00e1t v\u00fdchodn\u011b od \u0159eky Gelionu. <\/p>\n<p>Na Ulmovu v\u00fdzvu p\u0159it\u00e1hl Oss\u00eb do Balarsk\u00e9 z\u00e1toky osam\u011bl\u00fd ostrov a p\u0159evezl Noldor a Vanyar do Valinoru (podle jedn\u00e9 pov\u011bsti to byl t\u00fd\u017e ostrov, na n\u011bm\u017e se do Valinoru p\u0159epravovali Valar). Teleri byli velmi vyvedeni z m\u00edry t\u00edm, \u017ee byli op\u011bt opomenuti, a mnoz\u00ed postoupili na z\u00e1pad k \u00fast\u00ed Sirionu. Po dlouh\u00fdh letech odlou\u010den\u00ed poslal Ulmo ostrov zp\u011bt, mnoh\u00fdm se v\u0161ak ji\u017e necht\u011blo odj\u00ed\u017ed\u011bt. N\u011bkte\u0159\u00ed si zamilovali Bli\u017e\u0161\u00ed b\u0159eh a stali se z nich Falathrim, pob\u0159e\u017en\u00ed lid &#8211; mezi nimi C\u00edrdan, Stavitel lod\u00ed, vl\u00e1dce p\u0159\u00edstav\u016f Eglarestu a Brithombaru. Elw\u00eb zmizel v Nan Elmothu a mnoz\u00ed z jeho lidu se vr\u00e1tili do les\u016f a \u0159\u00edkali si Eglath, Opu\u0161t\u011bn\u00fd lid. Kdy\u017e se v\u0161ak op\u011bt objevil, stali se z nich Sindar, \u0160ed\u00ed elfov\u00e9. <\/p>\n<p>V\u011bt\u0161ina Teleri vyplula na Z\u00e1pad, litovali v\u0161ak ztr\u00e1ty zn\u00e1m\u00e9 zem\u011b. Na jejich p\u0159\u00e1n\u00ed zakotvil Ulmo ostrov v z\u00e1toce a tam z\u016fstal nav\u011bky st\u00e1t jako Tol Eress\u00eba, Osam\u011bl\u00fd ostrov. Valar otev\u0159eli Calaciryi, aby na Teleri dopadala z\u00e1\u0159 ze Sv\u011bteln\u00e9ho pr\u016fsmyku. Uvnit\u0159 pr\u016fsmyku vzniklo m\u011bsto Tirion, v n\u011bm\u017e s\u00eddlili Noldor a t\u00e9\u017e Vanyar (dokud se nerozhodli odej\u00edt na pl\u00e1n\u011b Valinoru). Nakonec za\u010dalo sv\u011btlo Teleri p\u0159itahovat. Tehdy je Oss\u00eb nau\u010dil stav\u011bt lod\u011b a dovlekl je na b\u0159eh, kde \u017eili v Alqualond\u00eb. <\/p>\n<p><center><font size=\"5\"><b>O \u00fat\u011bku Noldor a Beleriandsk\u00fdch v\u00e1lk\u00e1ch<\/b><\/font><\/center><br \/>\nF\u00ebanor byl mocn\u00fd mezi Noldor, byl urostl\u00fd a sli\u010dn\u00e9 tv\u00e1\u0159e, panova\u010dn\u00fd, o\u010di m\u011bl pronikav\u011b jasn\u00e9 a vlasy havran\u00ed; o ka\u017ed\u00fd c\u00edl usiloval dychtiv\u011b a vytrvale. M\u00e1lokdo dok\u00e1zal zm\u011bnit jeho dr\u00e1hu radou, nikdo silou. Ze v\u0161ech Noldor, kte\u0159\u00ed kdy byli, m\u011bl nejbyst\u0159ej\u0161\u00ed mysl a nejobratn\u011bj\u0161\u00ed ruce. V ml\u00e1d\u00ed vylep\u0161il R\u00familovo d\u00edlo a vynalezl p\u00edsmena, kter\u00e1 nesou jeho jm\u00e9no a kter\u00e1 od t\u00e9 doby Eldar st\u00e1le pou\u017e\u00edvali; byl to on, kdo prvn\u00ed z Noldor p\u0159i\u0161el na to, \u017ee se daj\u00ed um\u011ble vyrobit drahokamy v\u011bt\u0161\u00ed a z\u00e1\u0159iv\u011bj\u0161\u00ed ne\u017e kameny ze zem\u011b. Prvn\u00ed drahokamy, je\u017e F\u00ebanor vyrobil, byly b\u00edl\u00e9 a bezbarv\u00e9, ale v hv\u011bzdn\u00e9m svitu planuly modr\u00fdm a st\u0159\u00edbrn\u00fdm ohn\u011bm jasn\u011bji ne\u017e Helluin; a ud\u011blal dal\u0161\u00ed krystaly, v nich\u017e bylo mo\u017eno vid\u011bt vzd\u00e1len\u00e9 v\u011bci, mal\u00e9, ale z\u0159eteln\u00e9, jako o\u010dima Manw\u00ebho orl\u016f. F\u00ebanorova mysl a ruce m\u00e1lokdy odpo\u010d\u00edvaly.<\/p>\n<p>V tom \u010dase byly vyrobeny v\u011bci, kter\u00e9 se pozd\u011bji staly nejproslulej\u0161\u00edmi ze v\u0161ech elfsk\u00fdch d\u011bl. Kdy\u017e toti\u017e F\u00ebanor nabyl pln\u00e9 s\u00edly, dostal nov\u00fd n\u00e1pad, nebo snad k n\u011bmu p\u0159i\u0161el n\u011bjak\u00fd st\u00edn p\u0159edtuchy osudn\u00e9ho dne, kter\u00fd se bl\u00ed\u017eil, a dumal, jak by bylo mo\u017eno uchovat nezni\u010diteln\u00e9 sv\u011btlo Strom\u016f, jas Bla\u017een\u00e9 \u0159\u00ed\u0161e. Pak zah\u00e1jil dlouh\u00e9 a tajn\u00e9 d\u00edlo a vynalo\u017eil v\u0161echnu svou moudrost, s\u00edlu a dovednost, a na konci v\u0161eho ud\u011blal silmarily. Tvarem byly jako t\u0159i velk\u00e9 klenoty. Ale a\u017e do Konce nebude zn\u00e1mo z jak\u00e9 l\u00e1tky byly vyrobeny. Vypadala jako d\u00e9mantov\u00fd krystal, a p\u0159ece byla siln\u011bj\u0161\u00ed ne\u017e diamant, tak\u017ee ji nemohla po\u0161kodit ani rozb\u00edt \u017e\u00e1dn\u00e1 s\u00edla v Kr\u00e1lovstv\u00ed Ardy. Vnit\u0159n\u00ed ohe\u0148 silmaril\u016f ud\u011blal F\u00ebanor ze sm\u00ed\u0161en\u00e9ho sv\u011btla valinorsk\u00fdch Strom\u016f, a to v nich dosud \u017eije, p\u0159esto\u017ee Stromy d\u00e1vno uschly a ji\u017e nesv\u00edt\u00ed. V\u0161ichni, kdo bydleli v Amanu, nad F\u00ebanorov\u00fdm d\u00edlem \u017easli a t\u011b\u0161ili se z n\u011bho. A Varda silmarily posv\u011btila, tak\u017ee se jich od t\u00e9 doby nemohlo dotknout \u017e\u00e1dn\u00e9 smrteln\u00e9 t\u011blo, ne\u010dist\u00e9 ruce ani nic zl\u00e9ho, ani\u017e by to bylo sp\u00e1leno a se\u017eehnuto, a Mandos p\u0159edpov\u011bd\u011bl, \u017ee jsou v nich uzam\u010deny osudy Ardy, zem\u011b, mo\u0159e i vzduchu. F\u00ebanorovo srdce bylo pevn\u011b p\u0159ipout\u00e1no k v\u011bcem, je\u017e s\u00e1m ud\u011blal.<\/p>\n<p>Tu Melkor chtiv\u011b zatou\u017eil po silmarilech a sama vzpom\u00ednaka na n\u011b byla v jeho srdci jako s\u017e\u00edrav\u00fd ohe\u0148. Od t\u00e9 chv\u00edle rozp\u00e1len touto \u017e\u00e1dost\u00ed st\u00e1le dychtiv\u011bji usiloval o F\u00ebanorovo zni\u010den\u00ed a o rozbit\u00ed p\u0159\u00e1telstv\u00ed mezi Valar a elfy. Proto\u017ee to d\u011blal tajn\u011b a vychytrale, dlouho nikdo nic nepoznal. Tak po dlouhou dobu vkl\u00e1dal l\u017ei do mysl\u00ed elf\u016f a nejv\u011bt\u0161\u00ed \u00fasp\u011bch m\u011bl u F\u00ebanora. Kdy\u017e vid\u011bl, \u017ee se l\u017ei mezi Noldor rozho\u0159\u00edvaj\u00ed, za\u010dal s nimi mluvit o zbran\u00edch &#8211; v tom \u010dase za\u010dali Noldor kovat me\u010de, sekyry a kop\u00ed. Nad\u011blali tak\u00e9 \u0161t\u00edty se znaky mnoha dom\u016f a rodin, kter\u00e9 spolu soupe\u0159ily.<\/p>\n<p>Nezah\u00e1lel ani F\u00ebanor a jako prvn\u00ed za\u010dal pobu\u0159ovat proti Valar a mluvit o nevolnictv\u00ed Noldor v Amanu. Byl prvn\u00ed, kter\u00fd tasil zbra\u0148 na sv\u00e9ho vlastn\u00edho bratra a pom\u00fd\u0161lel na prolit\u00ed krve. Po tomto incidentu byl Valar vysl\u00fdch\u00e1n v Soudn\u00e9m kruhu a poda\u0159ilo se odhalit Melkorovy l\u017ei. S\u00e1m F\u00ebanor byl ale souzen za to, \u017ee vyt\u00e1hl zbra\u0148 a poru\u0161il m\u00edr ve Valinoru. Na dvan\u00e1ct let m\u011bl podle rozsudku opustit Tirion. Do vyhnanst\u00ed s n\u00edm \u0161lo jeho sedm syn\u016f a postavili na severu Valinoru v kopc\u00edch hradi\u0161t\u011b a pokladnici a tam ve Formenosu byla uskladn\u011bna spousta \u0161perk\u016f i zbran\u00ed a silmarily byly uzav\u0159eny do \u017eelezn\u00e9 komory. Z l\u00e1sky k F\u00ebanorovi tam p\u0159i\u0161el i kr\u00e1l Finw\u00eb a v Tirionu panoval Fingolfin. <\/p>\n<p><img decoding=\"async\" alt=\"Fingolfin, Velekr\u00e1l Noldor\" src=\"http:\/\/tolkien.cz\/data\/fingolfi.jpg\" align=\"right\"><\/p>\n<p>Na Manw\u00ebho p\u0159\u00edkaz byl F\u00ebanor na Taniquetilu, kdy\u017e Melkor a Ungoliant uhasili sv\u011btlo Strom\u016f a p\u0159ehnali se p\u0159es Formenos, ukradli silmarily a zabili F\u00ebanorova otce Finw\u00ebho. F\u00ebanor se rozl\u00edtil, nedbal sv\u00e9 vyhnanstv\u00ed a vr\u00e1til se do Tirionu. P\u0159es domluvy nevlastn\u00edch bratr\u016f ovl\u00e1dl svou v\u016fl\u00ed v\u0161echny krom\u011b desetiny Noldor, a nakonec zde byla vy\u0159\u010dena stra\u0161n\u00e1 p\u0159\u00edsaha p\u0159i samotn\u00e9m Il\u00favatarovi vyhrazuj\u00edc\u00ed pr\u00e1vo na silmarily F\u00ebanorovi a jeho syn\u016fm. Pak se Noldor jen s nepatrn\u00fdmi p\u0159\u00edpravami dali na pochod; nakonec z F\u00ebanorem \u0161el i Fingolfin, kter\u00fd p\u0159edt\u00edm p\u0159\u00edsahal sv\u00e9mu bratrovi, \u017ee ho bude doprov\u00e1zet kamkoli se vyd\u00e1.<\/p>\n<p>F\u00ebanor\u016fv z\u00e1stup byl v \u010dele pochodu, n\u00e1sledov\u00e1n v\u011bt\u0161\u00edm vojem Fingolfinov\u00fdm, vzadu \u0161el Finarfin. Cesta na sever byla dlouh\u00e1 a zl\u00e1 a za n\u00ed \u010dekalo Velk\u00e9 mo\u0159e. Proto se F\u00ebanor pokusil p\u0159emluvit Teleri, aby se k nim p\u0159ipojili, nebo aby jim aspo\u0148 p\u016fj\u010dili sv\u00e9 lod\u011b. Kdy\u017e se mu to nepoda\u0159ilo, po\u010dkal, dokud nep\u0159i\u0161la v\u011bt\u0161ina jeho n\u00e1sledovn\u00edk\u016f, potom je odvedl do p\u0159\u00edstavu a za\u010dal lod\u011b obsazovat. Teleri je odr\u00e1\u017eeli, dokud nep\u0159i\u0161el Fingon s p\u0159edvojem Fingolfinova vojska. Do boje se zapojila jeho s\u00edla a Noldor nakonec lod\u011b vydobyli a odpluli d\u0159\u00edve, ne\u017e dorazila v\u011bt\u0161ina Fingolfinova vojska. To muselo pomalu a klopotn\u011b putovat po skalnat\u00e9m pob\u0159e\u017e\u00ed, zat\u00edmco Noldor veslovali na bou\u0159liv\u00e9m mo\u0159i t\u011bsn\u011b p\u0159i b\u0159ehu. Putovali dlouho a mo\u0159e i sou\u0161 byly zl\u00fdmi nep\u0159\u00e1teli. Potom, daleko na severu, kdy\u017e zdol\u00e1vali Araman, je zastavil mocn\u00fd hlas, pron\u00e1\u0161ej\u00edc\u00ed Sudbu Noldor. Nato se Finarfin a jeho n\u00e1sledovn\u00edci, od po\u010d\u00e1tku nejm\u00e9n\u011b ochotn\u00ed, vr\u00e1tili do Tirionu. V\u011bt\u0161ina lidu v\u0161ak \u0161la d\u00e1l. Z\u00e1stupy se bl\u00ed\u017eily k Helcarax\u00eb, a zat\u00edmco se dohadovaly, kudy p\u0159ej\u00edt, F\u00ebanor\u016fv lid se tajn\u011b nalodil a Fingolfina opustil. Plavili se na v\u00fdchod a na jih, p\u0159ist\u00e1li v Losgaru a b\u00edl\u00e9 lod\u011b sp\u00e1lili. Kdy\u017e vy\u0161plhali na v\u00fdchod do Hithlumu, k severn\u00edmu b\u0159ehu jezera Mithrim, byli p\u0159epadeni vojskem Angbandu a F\u00ebanor byl zabit.<\/p>\n<p>Fingolfin\u016fv z\u00e1stup, rozhn\u011bvan\u00fd zradou, se odv\u00e1\u017eil p\u0159ej\u00edt p\u0159es kry Ledov\u00e9 t\u0159\u00ed\u0161t\u011b. Snad t\u00fddny trvalo, ne\u017e se dostali na pevnou p\u016fdu St\u0159edozem\u011b v okam\u017eiku, kdy vych\u00e1zel M\u011bs\u00edc. Sedm dn\u00ed nato vstalo Slunce, pr\u00e1v\u011b kdy\u017e Fingolfin vpochodoval do Mithrimu. Pochodoval d\u00e1l a\u017e k samotn\u00fdm bran\u00e1m Angbandu, av\u0161ak jeho v\u00fdzva se nedo\u010dkala odpov\u011bdi. Vr\u00e1til se do Mithrimu, kde se ti, kdo z\u016fstali z F\u00ebanorovc\u016f, st\u00e1hli na ji\u017en\u00ed b\u0159eh jezera, aby se vyhnuli dal\u0161\u00ed sr\u00e1\u017ece. <\/p>\n<p>B\u011bhem v\u00edce ne\u017e \u0161esti set let, kdy ob\u00fdval Angband, se Morgoth sna\u017eil ovl\u00e1dnout ty, kdo \u017eili na severoz\u00e1pad\u011b St\u0159edozem\u011b: elfy, lidi i trpasl\u00edky. B\u011bhem t\u00e9 doby bylo svedeno p\u011bt v\u00fdznamn\u00fdch bitev a Velk\u00e1 bitva.<\/p>\n<p><center><a href=\"http:\/\/cs.wikipedia.org\/wiki\/Elfov%C3%A9_%28St%C5%99edozem%29\" target=\"_blank\"><\/p>\n<h2><font color=\"red\"> >>><\/font> Dal\u0161\u00ed informace o Elfech na Wikipedii <font color=\"red\"><<< <\/font><\/h2>\n<p><\/a><\/center><br \/>\n<center><a href=\"http:\/\/cs.wikipedia.org\/wiki\/Vanyar\" target=\"_blank\"><\/p>\n<h2><font color=\"red\"> >>><\/font> Dal\u0161\u00ed informace o Vanyar na Wikipedii <font color=\"red\"><<< <\/font><\/h2>\n<p><\/a><\/center><br \/>\n<center><a href=\"http:\/\/cs.wikipedia.org\/wiki\/Noldor\" target=\"_blank\"><\/p>\n<h2><font color=\"red\"> >>><\/font> Dal\u0161\u00ed informace o Noldor na Wikipedii <font color=\"red\"><<< <\/font><\/h2>\n<p><\/a><\/center><br \/>\n<center><a href=\"http:\/\/cs.wikipedia.org\/wiki\/Teleri\" target=\"_blank\"><\/p>\n<h2><font color=\"red\"> >>><\/font> Dal\u0161\u00ed informace o Teleri na Wikipedii <font color=\"red\"><<< <\/font><\/h2>\n<p><\/a><\/center><br \/>\n<center><a href=\"http:\/\/cs.wikipedia.org\/wiki\/Sindar\" target=\"_blank\"><\/p>\n<h2><font color=\"red\"> >>><\/font> Dal\u0161\u00ed informace o Sindar na Wikipedii <font color=\"red\"><<< <\/font><\/h2>\n<p><\/a><\/center><br \/>\n<center><a href=\"http:\/\/cs.wikipedia.org\/wiki\/Eldar\" target=\"_blank\"><\/p>\n<h2><font color=\"red\"> >>><\/font> Dal\u0161\u00ed informace o Eldar na Wikipedii <font color=\"red\"><<< <\/font><\/h2>\n<p><\/a><\/center><br \/>\n<center><a href=\"http:\/\/cs.wikipedia.org\/wiki\/Avari\" target=\"_blank\"><\/p>\n<h2><font color=\"red\"> >>><\/font> Dal\u0161\u00ed informace o Avari na Wikipedii <font color=\"red\"><<< <\/font><\/h2>\n<p><\/a><\/center><\/p>\n","protected":false},"excerpt":{"rendered":"<div class='the_champ_sharing_container the_champ_vertical_sharing the_champ_hide_sharing the_champ_bottom_sharing' style='width:49px;left: 20px;top: 200px;-webkit-box-shadow:none;box-shadow:none;' data-super-socializer-href=\"http:\/\/tolkien.cz\/index.php?rest_route=%2Fwp%2Fv2%2Fposts%2F801\"><div class=\"the_champ_sharing_ul\"><a style=\"font-size:24px!important;box-shadow:none;display:inline-block!important;font-size: 16px;padding: 0 4px;vertical-align:middle;display:inline;\" class=\"theChampSharingRound\"><span class=\"the_champ_square_count\">&nbsp;<\/span><div style=\"width:45px;height:45px;border-radius:999px;margin-bottom:9px !important;\" title=\"Total Shares\" class=\"theChampSharing theChampTCBackground\"><\/div><\/a><a aria-label=\"Facebook\" class=\"the_champ_facebook\" href=\"https:\/\/www.facebook.com\/sharer\/sharer.php?u=http%3A%2F%2Ftolkien.cz%2Findex.php%3Frest_route%3D%252Fwp%252Fv2%252Fposts%252F801\" title=\"Facebook\" rel=\"nofollow noopener\" target=\"_blank\" style=\"font-size:24px!important;box-shadow:none;display:inline-block;vertical-align:middle\"><span class=\"the_champ_svg\" style=\"background-color:#0765FE;width:45px;height:45px;border-radius:999px;display:inline-block;opacity:1;float:left;font-size:24px;box-shadow:none;display:inline-block;font-size:16px;padding:0 4px;vertical-align:middle;background-repeat:repeat;overflow:hidden;padding:0;cursor:pointer;box-sizing:content-box\"><svg style=\"display:block;border-radius:999px;\" focusable=\"false\" aria-hidden=\"true\" xmlns=\"http:\/\/www.w3.org\/2000\/svg\" width=\"100%\" height=\"100%\" viewBox=\"0 0 32 32\"><path fill=\"#662200\" d=\"M28 16c0-6.627-5.373-12-12-12S4 9.373 4 16c0 5.628 3.875 10.35 9.101 11.647v-7.98h-2.474V16H13.1v-1.58c0-4.085 1.849-5.978 5.859-5.978.76 0 2.072.15 2.608.298v3.325c-.283-.03-.775-.045-1.386-.045-1.967 0-2.728.745-2.728 2.683V16h3.92l-.673 3.667h-3.247v8.245C23.395 27.195 28 22.135 28 16Z\"><\/path><\/svg><span class=\"the_champ_square_count the_champ_facebook_count\">&nbsp;<\/span><\/span><\/a><a aria-label=\"Vkontakte\" class=\"the_champ_button_vkontakte\" href=\"http:\/\/vkontakte.ru\/share.php?&url=http%3A%2F%2Ftolkien.cz%2Findex.php%3Frest_route%3D%252Fwp%252Fv2%252Fposts%252F801\" title=\"Vkontakte\" rel=\"nofollow noopener\" target=\"_blank\" style=\"font-size:24px!important;box-shadow:none;display:inline-block;vertical-align:middle\"><span class=\"the_champ_svg the_champ_s__default the_champ_s_vkontakte\" style=\"background-color:#0077FF;width:45px;height:45px;border-radius:999px;display:inline-block;opacity:1;float:left;font-size:24px;box-shadow:none;display:inline-block;font-size:16px;padding:0 4px;vertical-align:middle;background-repeat:repeat;overflow:hidden;padding:0;cursor:pointer;box-sizing:content-box\"><svg style=\"display:block;border-radius:999px;\" fill=\"none\" height=\"100%\" width=\"100%\" viewBox=\"0.75 6 46 37\" xmlns=\"http:\/\/www.w3.org\/2000\/svg\"><path d=\"M25.54 34.58c-10.94 0-17.18-7.5-17.44-19.98h5.48c.18 9.16 4.22 13.04 7.42 13.84V14.6h5.16v7.9c3.16-.34 6.48-3.94 7.6-7.9h5.16c-.86 4.88-4.46 8.48-7.02 9.96 2.56 1.2 6.66 4.34 8.22 10.02h-5.68c-1.22-3.8-4.26-6.74-8.28-7.14v7.14z\" fill=\"#662200\"><\/path><\/svg><span class=\"the_champ_square_count the_champ_vkontakte_count\">&nbsp;<\/span><\/span><\/a><a aria-label=\"Twitter\" class=\"the_champ_button_twitter\" href=\"https:\/\/twitter.com\/intent\/tweet?text=Spole%C4%8Dnost%20p%C5%99%C3%A1tel%20d%C3%ADla%20pana%20J.R.R.%20Tolkiena%20-%20Str%C3%A1nky%20pro%20v%C5%A1echny%20milovn%C3%ADky%20St%C5%99edozem%C4%9B&url=http%3A%2F%2Ftolkien.cz%2Findex.php%3Frest_route%3D%252Fwp%252Fv2%252Fposts%252F801\" title=\"Twitter\" rel=\"nofollow noopener\" target=\"_blank\" style=\"font-size:24px!important;box-shadow:none;display:inline-block;vertical-align:middle\"><span class=\"the_champ_svg the_champ_s__default the_champ_s_twitter\" style=\"background-color:#55acee;width:45px;height:45px;border-radius:999px;display:inline-block;opacity:1;float:left;font-size:24px;box-shadow:none;display:inline-block;font-size:16px;padding:0 4px;vertical-align:middle;background-repeat:repeat;overflow:hidden;padding:0;cursor:pointer;box-sizing:content-box\"><svg style=\"display:block;border-radius:999px;\" focusable=\"false\" aria-hidden=\"true\" xmlns=\"http:\/\/www.w3.org\/2000\/svg\" width=\"100%\" height=\"100%\" viewBox=\"-4 -4 39 39\"><path d=\"M28 8.557a9.913 9.913 0 0 1-2.828.775 4.93 4.93 0 0 0 2.166-2.725 9.738 9.738 0 0 1-3.13 1.194 4.92 4.92 0 0 0-3.593-1.55 4.924 4.924 0 0 0-4.794 6.049c-4.09-.21-7.72-2.17-10.15-5.15a4.942 4.942 0 0 0-.665 2.477c0 1.71.87 3.214 2.19 4.1a4.968 4.968 0 0 1-2.23-.616v.06c0 2.39 1.7 4.38 3.952 4.83-.414.115-.85.174-1.297.174-.318 0-.626-.03-.928-.086a4.935 4.935 0 0 0 4.6 3.42 9.893 9.893 0 0 1-6.114 2.107c-.398 0-.79-.023-1.175-.068a13.953 13.953 0 0 0 7.55 2.213c9.056 0 14.01-7.507 14.01-14.013 0-.213-.005-.426-.015-.637.96-.695 1.795-1.56 2.455-2.55z\" fill=\"#662200\"><\/path><\/svg><span class=\"the_champ_square_count the_champ_twitter_count\">&nbsp;<\/span><\/span><\/a><a aria-label=\"Pinterest\" class=\"the_champ_button_pinterest\" href=\"http:\/\/tolkien.cz\/index.php?rest_route=%2Fwp%2Fv2%2Fposts%2F801\" onclick=\"event.preventDefault();javascript:void((function(){var e=document.createElement('script');e.setAttribute('type','text\/javascript');e.setAttribute('charset','UTF-8');e.setAttribute('src','\/\/assets.pinterest.com\/js\/pinmarklet.js?r='+Math.random()*99999999);document.body.appendChild(e)})());\" title=\"Pinterest\" rel=\"noopener\" style=\"font-size:24px!important;box-shadow:none;display:inline-block;vertical-align:middle\"><span class=\"the_champ_svg the_champ_s__default the_champ_s_pinterest\" style=\"background-color:#cc2329;width:45px;height:45px;border-radius:999px;display:inline-block;opacity:1;float:left;font-size:24px;box-shadow:none;display:inline-block;font-size:16px;padding:0 4px;vertical-align:middle;background-repeat:repeat;overflow:hidden;padding:0;cursor:pointer;box-sizing:content-box\"><svg style=\"display:block;border-radius:999px;\" focusable=\"false\" aria-hidden=\"true\" xmlns=\"http:\/\/www.w3.org\/2000\/svg\" width=\"100%\" height=\"100%\" viewBox=\"-2 -2 35 35\"><path fill=\"#662200\" d=\"M16.539 4.5c-6.277 0-9.442 4.5-9.442 8.253 0 2.272.86 4.293 2.705 5.046.303.125.574.005.662-.33.061-.231.205-.816.27-1.06.088-.331.053-.447-.191-.736-.532-.627-.873-1.439-.873-2.591 0-3.338 2.498-6.327 6.505-6.327 3.548 0 5.497 2.168 5.497 5.062 0 3.81-1.686 7.025-4.188 7.025-1.382 0-2.416-1.142-2.085-2.545.397-1.674 1.166-3.48 1.166-4.689 0-1.081-.581-1.983-1.782-1.983-1.413 0-2.548 1.462-2.548 3.419 0 1.247.421 2.091.421 2.091l-1.699 7.199c-.505 2.137-.076 4.755-.039 5.019.021.158.223.196.314.077.13-.17 1.813-2.247 2.384-4.324.162-.587.929-3.631.929-3.631.46.876 1.801 1.646 3.227 1.646 4.247 0 7.128-3.871 7.128-9.053.003-3.918-3.317-7.568-8.361-7.568z\"\/><\/svg><span class=\"the_champ_square_count the_champ_pinterest_count\">&nbsp;<\/span><\/span><\/a><a aria-label=\"Tumblr\" class=\"the_champ_button_tumblr\" href=\"https:\/\/www.tumblr.com\/widgets\/share\/tool?posttype=link&canonicalUrl=http%3A%2F%2Ftolkien.cz%2Findex.php%3Frest_route%3D%252Fwp%252Fv2%252Fposts%252F801&title=Spole%C4%8Dnost%20p%C5%99%C3%A1tel%20d%C3%ADla%20pana%20J.R.R.%20Tolkiena%20-%20Str%C3%A1nky%20pro%20v%C5%A1echny%20milovn%C3%ADky%20St%C5%99edozem%C4%9B&caption=\" title=\"Tumblr\" rel=\"nofollow noopener\" target=\"_blank\" style=\"font-size:24px!important;box-shadow:none;display:inline-block;vertical-align:middle\"><span class=\"the_champ_svg athe_champ_s__default the_champ_s_tumblr\" style=\"background-color:#29435d;width:45px;height:45px;border-radius:999px;display:inline-block;opacity:1;float:left;font-size:24px;box-shadow:none;display:inline-block;font-size:16px;padding:0 4px;vertical-align:middle;background-repeat:repeat;overflow:hidden;padding:0;cursor:pointer;box-sizing:content-box\"><svg style=\"display:block;border-radius:999px;\" focusable=\"false\" aria-hidden=\"true\" xmlns=\"http:\/\/www.w3.org\/2000\/svg\" width=\"100%\" height=\"100%\" viewBox=\"-2 -2 36 36\"><path fill=\"#662200\" d=\"M20.775 21.962c-.37.177-1.08.33-1.61.345-1.598.043-1.907-1.122-1.92-1.968v-6.217h4.007V11.1H17.26V6.02h-2.925s-.132.044-.144.15c-.17 1.556-.895 4.287-3.923 5.378v2.578h2.02v6.522c0 2.232 1.647 5.404 5.994 5.33 1.467-.025 3.096-.64 3.456-1.17l-.96-2.846z\"\/><\/svg><span class=\"the_champ_square_count the_champ_tumblr_count\">&nbsp;<\/span><\/span><\/a><a class=\"the_champ_more\" title=\"More\" rel=\"nofollow noopener\" style=\"font-size:24px!important;border:0;box-shadow:none;display:inline-block!important;font-size:16px;padding:0 4px;vertical-align: middle;display:inline;\" href=\"http:\/\/tolkien.cz\/index.php?rest_route=%2Fwp%2Fv2%2Fposts%2F801\" onclick=\"event.preventDefault()\"><span class=\"the_champ_square_count\">&nbsp;<\/span><span class=\"the_champ_svg\" style=\"background-color:#ee8e2d;width:45px;height:45px;border-radius:999px;display:inline-block!important;opacity:1;float:left;font-size:32px!important;box-shadow:none;display:inline-block;font-size:16px;padding:0 4px;vertical-align:middle;display:inline;background-repeat:repeat;overflow:hidden;padding:0;cursor:pointer;box-sizing:content-box;\" onclick=\"theChampMoreSharingPopup(this, 'http:\/\/tolkien.cz\/index.php?rest_route=%2Fwp%2Fv2%2Fposts%2F801', 'Spole%C4%8Dnost%20p%C5%99%C3%A1tel%20d%C3%ADla%20pana%20J.R.R.%20Tolkiena%20-%20Str%C3%A1nky%20pro%20v%C5%A1echny%20milovn%C3%ADky%20St%C5%99edozem%C4%9B', '' )\"><svg xmlns=\"http:\/\/www.w3.org\/2000\/svg\" xmlns:xlink=\"http:\/\/www.w3.org\/1999\/xlink\" viewBox=\"-.3 0 32 32\" version=\"1.1\" width=\"100%\" height=\"100%\" style=\"display:block;border-radius:999px;\" xml:space=\"preserve\"><g><path fill=\"#662200\" d=\"M18 14V8h-4v6H8v4h6v6h4v-6h6v-4h-6z\" fill-rule=\"evenodd\"><\/path><\/g><\/svg><\/span><\/a><\/div><\/div>","protected":false},"author":1,"featured_media":0,"comment_status":"open","ping_status":"closed","sticky":false,"template":"","format":"standard","meta":{"footnotes":""},"categories":[22],"tags":[],"class_list":["post-801","post","type-post","status-publish","format-standard","hentry","category-narodystredozeme"],"views":5757,"_links":{"self":[{"href":"http:\/\/tolkien.cz\/index.php?rest_route=\/wp\/v2\/posts\/801","targetHints":{"allow":["GET"]}}],"collection":[{"href":"http:\/\/tolkien.cz\/index.php?rest_route=\/wp\/v2\/posts"}],"about":[{"href":"http:\/\/tolkien.cz\/index.php?rest_route=\/wp\/v2\/types\/post"}],"author":[{"embeddable":true,"href":"http:\/\/tolkien.cz\/index.php?rest_route=\/wp\/v2\/users\/1"}],"replies":[{"embeddable":true,"href":"http:\/\/tolkien.cz\/index.php?rest_route=%2Fwp%2Fv2%2Fcomments&post=801"}],"version-history":[{"count":0,"href":"http:\/\/tolkien.cz\/index.php?rest_route=\/wp\/v2\/posts\/801\/revisions"}],"wp:attachment":[{"href":"http:\/\/tolkien.cz\/index.php?rest_route=%2Fwp%2Fv2%2Fmedia&parent=801"}],"wp:term":[{"taxonomy":"category","embeddable":true,"href":"http:\/\/tolkien.cz\/index.php?rest_route=%2Fwp%2Fv2%2Fcategories&post=801"},{"taxonomy":"post_tag","embeddable":true,"href":"http:\/\/tolkien.cz\/index.php?rest_route=%2Fwp%2Fv2%2Ftags&post=801"}],"curies":[{"name":"wp","href":"https:\/\/api.w.org\/{rel}","templated":true}]}}